{"id":3553,"date":"2016-05-19T12:58:00","date_gmt":"2016-05-19T17:58:00","guid":{"rendered":"http:\/\/www.perucontable.com\/noticias\/?p=3553"},"modified":"2016-05-19T12:58:00","modified_gmt":"2016-05-19T17:58:00","slug":"bancos-entraran-a-leasing-inmobiliario-en-segundo-semestre-del-2016","status":"publish","type":"post","link":"https:\/\/www.perucontable.com\/noticias\/bancos-entraran-a-leasing-inmobiliario-en-segundo-semestre-del-2016\/","title":{"rendered":"Bancos entrar\u00e1n a \u00ableasing\u00bb inmobiliario en segundo semestre del 2016"},"content":{"rendered":"<p><a href=\"http:\/\/www.perucontable.com\/noticias\/wp-content\/uploads\/2016\/05\/leising.png\"><img decoding=\"async\" loading=\"lazy\" class=\"aligncenter size-full wp-image-3554\" src=\"http:\/\/www.perucontable.com\/noticias\/wp-content\/uploads\/2016\/05\/leising.png\" alt=\"leising\" width=\"615\" height=\"342\" \/><\/a><\/p>\n<p>El nuevo mecanismo de \u00ableasing\u00bb inmobiliario, promovido por el Gobierno para la adquisici\u00f3n de una vivienda, se pondr\u00eda en marcha en el mercado financiero del pa\u00eds, por parte de los bancos, en el segundo semestre del presente a\u00f1o, inform\u00f3 hoy el Fondo Mivivienda.<\/p>\n<div>\u201cLos bancos nos comentan que para el segundo semestre o \u00faltimo trimestre del a\u00f1o estar\u00edan entrando al leasing inmobiliario\u201d, se\u00f1al\u00f3 el gerente general (e) del Fondo Mivivienda, V\u00edctor Mendoza, a la <strong>Agencia Andina<\/strong>.<\/div>\n<div><\/div>\n<div>Cabe indicar que mediante el leasing inmobiliario una entidad financiera adquirir\u00e1 la vivienda elegida por una persona y la entregar\u00e1 en arrendamiento a cambio de cuotas mensuales fijadas de acuerdo al valor de la vivienda y al plazo fijado, y al final del contrato el arrendatario podr\u00e1 hacer uso de la opci\u00f3n de compra del inmueble (pagando un adicional).<\/div>\n<div><\/div>\n<div>\u201c(Los bancos) por temas de evaluaci\u00f3n financiera, riesgos y expectativas puede que est\u00e9n demorando, pero hay que esperar, todo se va implementar, aunque paulatinamente\u201d, dijo Mendoza.<\/div>\n<div><\/div>\n<div><strong>Cajas casi listas<\/strong><\/div>\n<div>El representante del Fondo Mivivienda se\u00f1al\u00f3 que de acuerdo a las coordinaciones que han tenido, las cajas municipales de ahorro y cr\u00e9dito de Arequipa y Huancayo est\u00e1n pr\u00f3ximas a lanzar su producto de leasing inmobiliario.<\/div>\n<div><\/div>\n<div>\u201cEl leasing inmobiliario lo tenemos casi desarrollado, hemos tenido las \u00faltimas conversaciones la semana pasada con las cajas de ahorro y cr\u00e9dito de Huancayo y Arequipa, para ver su entrada al mercado\u201d, dijo.<\/div>\n<div><\/div>\n<div>Mendoza agreg\u00f3 que tambi\u00e9n hay otras cajas municipales (Tacna, Sullana y Trujillo) que est\u00e1n interesadas, as\u00ed como algunas financieras, las cuales vienen evaluando este nuevo producto financiero inmobiliario.<\/div>\n<div><\/div>\n<div><strong>Capitalizaci\u00f3n inmobiliaria<\/strong><\/div>\n<div>\n<div>Dumler se\u00f1al\u00f3 que la capitalizaci\u00f3n inmobiliaria, mecanismo por el cual las personas interesadas firmar\u00e1n un contrato con una entidad financiera y abrir\u00e1n una cuenta en la que depositar\u00e1n los pagos del arrendamiento y otro monto que acumule un capital que servir\u00e1 para adquirir la vivienda, estar\u00eda siendo lanzando al mercado en cinco meses.<\/div>\n<div><\/div>\n<div>\n<div>\u201cCalculamos que parecido a lo del leasing inmobiliario, que ya est\u00e1 siendo trabajado por las entidades de microfinanzas, (la capitalizaci\u00f3n inmobiliaria) debe demorarse seis meses aproximadamente desde que sali\u00f3 su reglamento (22 de marzo del 2016), o sea, tenemos cinco meses m\u00e1s\u00bb, afirm\u00f3.<\/div>\n<\/div>\n<div><\/div>\n<div>Explic\u00f3 que est\u00e1 demora se debe a que las entidades financieras pasan por un ciclo de evaluaci\u00f3n de riesgos, dise\u00f1o de productos, adaptaci\u00f3n a sus \u00e1reas de operaci\u00f3n y preparaci\u00f3n de manuales de procedimiento.<\/div>\n<div>Fuente: Diario Andina.<br \/>\n______________________________________<br \/>\nVisita nuestros cursos virtuales:<br \/>\n<a href=\"http:\/\/www.aulacontable.com\/contabilidad-ganadera\/\">http:\/\/www.aulacontable.com\/contabilidad-ganadera\/<\/a><br \/>\n<a href=\"http:\/\/www.aulacontable.com\/contabilidad-de-mypes\/\">http:\/\/www.aulacontable.com\/contabilidad-de-mypes\/<\/a><\/div>\n<\/div>\n","protected":false},"excerpt":{"rendered":"<p>El nuevo mecanismo de \u00ableasing\u00bb inmobiliario, promovido por el Gobierno para la adquisici\u00f3n de una vivienda, se pondr\u00eda en marcha en el mercado financiero del pa\u00eds, por parte de los bancos, en el segundo semestre del presente a\u00f1o, inform\u00f3 hoy el Fondo Mivivienda. \u201cLos bancos nos comentan que para el segundo semestre o \u00faltimo trimestre [&hellip;]<\/p>\n","protected":false},"author":3,"featured_media":3554,"comment_status":"open","ping_status":"open","sticky":false,"template":"","format":"standard","meta":[],"categories":[12,31,33,9,28],"tags":[71,461,49,215],"yst_prominent_words":[],"amp_enabled":true,"_links":{"self":[{"href":"https:\/\/www.perucontable.com\/noticias\/wp-json\/wp\/v2\/posts\/3553"}],"collection":[{"href":"https:\/\/www.perucontable.com\/noticias\/wp-json\/wp\/v2\/posts"}],"about":[{"href":"https:\/\/www.perucontable.com\/noticias\/wp-json\/wp\/v2\/types\/post"}],"author":[{"embeddable":true,"href":"https:\/\/www.perucontable.com\/noticias\/wp-json\/wp\/v2\/users\/3"}],"replies":[{"embeddable":true,"href":"https:\/\/www.perucontable.com\/noticias\/wp-json\/wp\/v2\/comments?post=3553"}],"version-history":[{"count":0,"href":"https:\/\/www.perucontable.com\/noticias\/wp-json\/wp\/v2\/posts\/3553\/revisions"}],"wp:featuredmedia":[{"embeddable":true,"href":"https:\/\/www.perucontable.com\/noticias\/wp-json\/"}],"wp:attachment":[{"href":"https:\/\/www.perucontable.com\/noticias\/wp-json\/wp\/v2\/media?parent=3553"}],"wp:term":[{"taxonomy":"category","embeddable":true,"href":"https:\/\/www.perucontable.com\/noticias\/wp-json\/wp\/v2\/categories?post=3553"},{"taxonomy":"post_tag","embeddable":true,"href":"https:\/\/www.perucontable.com\/noticias\/wp-json\/wp\/v2\/tags?post=3553"},{"taxonomy":"yst_prominent_words","embeddable":true,"href":"https:\/\/www.perucontable.com\/noticias\/wp-json\/wp\/v2\/yst_prominent_words?post=3553"}],"curies":[{"name":"wp","href":"https:\/\/api.w.org\/{rel}","templated":true}]}}