{"id":3139,"date":"2016-03-23T14:35:03","date_gmt":"2016-03-23T19:35:03","guid":{"rendered":"http:\/\/www.perucontable.com\/noticias\/?p=3139"},"modified":"2016-03-23T14:35:03","modified_gmt":"2016-03-23T19:35:03","slug":"afp-comision-de-economia-aprobo-retiro-del-95-5-del-fondo-de-pension","status":"publish","type":"post","link":"https:\/\/www.perucontable.com\/noticias\/afp-comision-de-economia-aprobo-retiro-del-95-5-del-fondo-de-pension\/","title":{"rendered":"AFP: comisi\u00f3n de Econom\u00eda aprob\u00f3 retiro del 95.5% del fondo de pensi\u00f3n"},"content":{"rendered":"<p><a href=\"http:\/\/www.perucontable.com\/noticias\/wp-content\/uploads\/2016\/03\/afp.jpg\" rel=\"attachment wp-att-3140\"><img decoding=\"async\" loading=\"lazy\" class=\"alignnone size-full wp-image-3140\" src=\"http:\/\/www.perucontable.com\/noticias\/wp-content\/uploads\/2016\/03\/afp.jpg\" alt=\"afp\" width=\"638\" height=\"479\" \/><\/a><\/p>\n<p>La Comisi\u00f3n de Econom\u00eda aprob\u00f3 por insistencia respaldar el proyecto de ley de reforma del sistema privado de pensiones (<strong><span class=\"caps\">AFP<\/span><\/strong>), que contempla liberar el 95.5% del <strong>fondo de pensiones <\/strong>de los afiliados cuando se jubilen antes, al cumplir los 65 a\u00f1os y jubilarse.<\/p>\n<p>\u201cSignifica que el afiliado, cuando cumpla 65 a\u00f1os, va a tener la libertad de decidir si deja sus fondo o se los lleva. Lo que va a pasar es que las compa\u00f1\u00edas de seguros, que crean la renta vitalicia, y las <strong><span class=\"caps\">AFP<\/span> <\/strong>van a tener que enamorar a los afiliados darle todo tipo de facilidades y rentabilidad, para que les dejen su dinero\u201d, explic\u00f3 Andr\u00e9s Garc\u00eda Bela\u00fande, miembro de la comisi\u00f3n de Econom\u00eda.<\/p>\n<p>Como se recuerda, el proyecto de ley hab\u00eda sido aprobado por el Pleno del Congreso en diciembre de 2015. Debido a que fue observado por el Poder Ejecutivo, tras lo cual la aut\u00f3grafa fue enviada nuevamente, en enero de este a\u00f1o, al Poder Legislativo para que lo revisara la comisi\u00f3n de Econom\u00eda.<\/p>\n<p>Es as\u00ed que, tras la decisi\u00f3n de este grupo de trabajo de aprobar por insistencia el proyecto de ley de reforma de las <strong><span class=\"caps\">AFP<\/span><\/strong>, esta norma tendr\u00e1 que ser discutida nuevamente en el Pleno del Congreso. Esto ocurrir\u00eda despu\u00e9s de las elecciones del 10 de abril.<\/p>\n<p>El congresista Garc\u00eda Bela\u00fande se\u00f1al\u00f3 que la liberaci\u00f3n del 95.5% de los <strong>fondos de pensiones<\/strong> no afectar\u00e1 a las <span class=\"caps\">AFP<\/span> \u201cporque ellas ya han cobrado su comisi\u00f3n por adelantado por un trabajo que ya no van a hacer\u201d.<\/p>\n<p>No obstante, refiri\u00f3 que las compa\u00f1\u00edas\u00a0 de seguro s\u00ed se ver\u00edan afectadas porque el 80% de los pensionistas que se jubilan suelen afiliarse a un seguro. Aunque recalc\u00f3 que \u201cesto solo afectar\u00eda el 20%\u201d de sus ingresos.<\/p>\n<p>Por \u00faltimo, cabe mencionar que el 4.5% restante quedar\u00eda en la cuenta personal de capitalizaci\u00f3n de cada afiliado a fin de garantizar la cobertura del Seguro Social de Salud (EsSalud) del futuro pensionista.<\/p>\n<p>Fuente: canaln.pe &#8211; 23\/03\/2016<\/p>\n<p>______________________________<br \/>\nCURSO TALLER PRACTICO: SIGA LOGISTICO 2016.<br \/>\nLIMA 15 Y 16 DE ABRIL<br \/>\nhttps:\/\/www.facebook.com\/events\/1678812962373824\/<\/p>\n","protected":false},"excerpt":{"rendered":"<p>La Comisi\u00f3n de Econom\u00eda aprob\u00f3 por insistencia respaldar el proyecto de ley de reforma del sistema privado de pensiones (AFP), que contempla liberar el 95.5% del fondo de pensiones de los afiliados cuando se jubilen antes, al cumplir los 65 a\u00f1os y jubilarse. \u201cSignifica que el afiliado, cuando cumpla 65 a\u00f1os, va a tener la [&hellip;]<\/p>\n","protected":false},"author":2,"featured_media":3140,"comment_status":"open","ping_status":"open","sticky":false,"template":"","format":"standard","meta":[],"categories":[23],"tags":[],"yst_prominent_words":[],"amp_enabled":true,"_links":{"self":[{"href":"https:\/\/www.perucontable.com\/noticias\/wp-json\/wp\/v2\/posts\/3139"}],"collection":[{"href":"https:\/\/www.perucontable.com\/noticias\/wp-json\/wp\/v2\/posts"}],"about":[{"href":"https:\/\/www.perucontable.com\/noticias\/wp-json\/wp\/v2\/types\/post"}],"author":[{"embeddable":true,"href":"https:\/\/www.perucontable.com\/noticias\/wp-json\/wp\/v2\/users\/2"}],"replies":[{"embeddable":true,"href":"https:\/\/www.perucontable.com\/noticias\/wp-json\/wp\/v2\/comments?post=3139"}],"version-history":[{"count":0,"href":"https:\/\/www.perucontable.com\/noticias\/wp-json\/wp\/v2\/posts\/3139\/revisions"}],"wp:featuredmedia":[{"embeddable":true,"href":"https:\/\/www.perucontable.com\/noticias\/wp-json\/"}],"wp:attachment":[{"href":"https:\/\/www.perucontable.com\/noticias\/wp-json\/wp\/v2\/media?parent=3139"}],"wp:term":[{"taxonomy":"category","embeddable":true,"href":"https:\/\/www.perucontable.com\/noticias\/wp-json\/wp\/v2\/categories?post=3139"},{"taxonomy":"post_tag","embeddable":true,"href":"https:\/\/www.perucontable.com\/noticias\/wp-json\/wp\/v2\/tags?post=3139"},{"taxonomy":"yst_prominent_words","embeddable":true,"href":"https:\/\/www.perucontable.com\/noticias\/wp-json\/wp\/v2\/yst_prominent_words?post=3139"}],"curies":[{"name":"wp","href":"https:\/\/api.w.org\/{rel}","templated":true}]}}