{"id":20469,"date":"2023-06-19T10:36:26","date_gmt":"2023-06-19T15:36:26","guid":{"rendered":"https:\/\/www.perucontable.com\/noticias\/?p=20469"},"modified":"2023-06-19T12:10:13","modified_gmt":"2023-06-19T17:10:13","slug":"pension-65-subvencion-economica-se-mantendria-en-s-300-para-el-2024","status":"publish","type":"post","link":"https:\/\/www.perucontable.com\/noticias\/pension-65-subvencion-economica-se-mantendria-en-s-300-para-el-2024\/","title":{"rendered":"Pensi\u00f3n 65: Subvenci\u00f3n econ\u00f3mica se mantendr\u00eda en S\/300 para el 2024"},"content":{"rendered":"\n<p>El director ejecutivo del programa Pensi\u00f3n 65, Julio Mendigure Fern\u00e1ndez, afirm\u00f3 que es una decisi\u00f3n del Ministerio de Desarrollo e Inclusi\u00f3n Social (MIDIS) mantener los S\/300 de subvenci\u00f3n desde el 2024, ya que el monto oficial que se entrega, de S\/250 cada dos meses, ha perdido su <strong><a href=\"https:\/\/aulacontable.com\/url\/cvprselsubg\" target=\"_blank\" rel=\"noreferrer noopener\">capacidad adquisitiva.<\/a><\/strong><\/p>\n\n\n\n<figure class=\"wp-block-image alignwide size-full\"><img decoding=\"async\" loading=\"lazy\" width=\"980\" height=\"513\" src=\"https:\/\/www.perucontable.com\/noticias\/borrador\/borrador\/wp-content\/uploads\/2023\/06\/image-24.png\" alt=\"\" class=\"wp-image-20471\" srcset=\"https:\/\/www.perucontable.com\/noticias\/wp-content\/uploads\/2023\/06\/image-24.png 980w, https:\/\/www.perucontable.com\/noticias\/wp-content\/uploads\/2023\/06\/image-24-300x157.png 300w, https:\/\/www.perucontable.com\/noticias\/wp-content\/uploads\/2023\/06\/image-24-768x402.png 768w, https:\/\/www.perucontable.com\/noticias\/wp-content\/uploads\/2023\/06\/image-24-696x364.png 696w, https:\/\/www.perucontable.com\/noticias\/wp-content\/uploads\/2023\/06\/image-24-802x420.png 802w\" sizes=\"(max-width: 980px) 100vw, 980px\" \/><\/figure>\n\n\n\n<pre class=\"wp-block-verse\">\u201cCuando comienza a operar Pensi\u00f3n 65, asigna S\/250 cada dos meses, y eso en su momento representaba el 85% del valor de la canasta b\u00e1sica alimentaria. El monto ahora solo cubre el 62% de la canasta b\u00e1sica: se reduce la capacidad de gasto para los alimentos\u201d, dijo el funcionario en el foro virtual \u201cPensi\u00f3n 65, motor de una vida activa con buen trato\u201d.<\/pre>\n\n\n\n<p>Mendigure indic\u00f3 que, si bien este a\u00f1o se dispuso otorgar, de manera excepcional, una subvenci\u00f3n bimensual de S\/300, se espera que este monto sea oficial para el 2024. Adem\u00e1s, se busca que este apoyo econ\u00f3mico se incremente de manera progresiva y seg\u00fan la <strong><a href=\"https:\/\/aulacontable.com\/url\/cvprselsubg\" target=\"_blank\" rel=\"noreferrer noopener\">disponibilidad presupuestaria.<\/a><\/strong><\/p>\n\n\n\n<p>El funcionario tambi\u00e9n dijo que se plantea ampliar la cobertura del programa, ya que hoy llega a 627.000 adultos mayores cuando el universo de personas de m\u00e1s de 65 a\u00f1os en pobreza extrema es de 900.000.<\/p>\n\n\n\n<p>As\u00ed, se tiene como objetivo que desde el 2024 se incluya a Pensi\u00f3n 65, de forma progresiva, a las personas que ya cumplen con los requisitos y la documentaci\u00f3n necesaria.<\/p>\n\n\n\n<figure class=\"wp-block-image alignwide size-full\"><img decoding=\"async\" loading=\"lazy\" width=\"640\" height=\"374\" src=\"https:\/\/www.perucontable.com\/noticias\/borrador\/borrador\/wp-content\/uploads\/2023\/06\/image-23.png\" alt=\"\" class=\"wp-image-20470\" srcset=\"https:\/\/www.perucontable.com\/noticias\/wp-content\/uploads\/2023\/06\/image-23.png 640w, https:\/\/www.perucontable.com\/noticias\/wp-content\/uploads\/2023\/06\/image-23-300x175.png 300w\" sizes=\"(max-width: 640px) 100vw, 640px\" \/><\/figure>\n\n\n\n<p>Fuente: Pensi\u00f3n 65: subvenci\u00f3n econ\u00f3mica se mantendr\u00eda en S\/300 para el 2024  \/ La Rep\u00fablica \/ https:\/\/larepublica.pe\/economia\/2023\/06\/19\/pension-65-subvencion-economica-se-mantendria-en-s300-para-el-2024-ministerio-de-desarrollo-canasta-basica-pensiones-en-peru-367745<\/p>\n\n\n\n<p><\/p>\n","protected":false},"excerpt":{"rendered":"<p>El director ejecutivo del programa Pensi\u00f3n 65, Julio Mendigure Fern\u00e1ndez, afirm\u00f3 que es una decisi\u00f3n del Ministerio de Desarrollo e Inclusi\u00f3n Social (MIDIS) mantener los S\/300 de subvenci\u00f3n desde el 2024, ya que el monto oficial que se entrega, de S\/250 cada dos meses, ha perdido su capacidad adquisitiva. \u201cCuando comienza a operar Pensi\u00f3n 65, [&hellip;]<\/p>\n","protected":false},"author":2,"featured_media":20471,"comment_status":"closed","ping_status":"open","sticky":false,"template":"","format":"standard","meta":[],"categories":[1],"tags":[],"yst_prominent_words":[4058,1912,4284,2516],"amp_enabled":true,"_links":{"self":[{"href":"https:\/\/www.perucontable.com\/noticias\/wp-json\/wp\/v2\/posts\/20469"}],"collection":[{"href":"https:\/\/www.perucontable.com\/noticias\/wp-json\/wp\/v2\/posts"}],"about":[{"href":"https:\/\/www.perucontable.com\/noticias\/wp-json\/wp\/v2\/types\/post"}],"author":[{"embeddable":true,"href":"https:\/\/www.perucontable.com\/noticias\/wp-json\/wp\/v2\/users\/2"}],"replies":[{"embeddable":true,"href":"https:\/\/www.perucontable.com\/noticias\/wp-json\/wp\/v2\/comments?post=20469"}],"version-history":[{"count":2,"href":"https:\/\/www.perucontable.com\/noticias\/wp-json\/wp\/v2\/posts\/20469\/revisions"}],"predecessor-version":[{"id":20473,"href":"https:\/\/www.perucontable.com\/noticias\/wp-json\/wp\/v2\/posts\/20469\/revisions\/20473"}],"wp:featuredmedia":[{"embeddable":true,"href":"https:\/\/www.perucontable.com\/noticias\/wp-json\/wp\/v2\/media\/20471"}],"wp:attachment":[{"href":"https:\/\/www.perucontable.com\/noticias\/wp-json\/wp\/v2\/media?parent=20469"}],"wp:term":[{"taxonomy":"category","embeddable":true,"href":"https:\/\/www.perucontable.com\/noticias\/wp-json\/wp\/v2\/categories?post=20469"},{"taxonomy":"post_tag","embeddable":true,"href":"https:\/\/www.perucontable.com\/noticias\/wp-json\/wp\/v2\/tags?post=20469"},{"taxonomy":"yst_prominent_words","embeddable":true,"href":"https:\/\/www.perucontable.com\/noticias\/wp-json\/wp\/v2\/yst_prominent_words?post=20469"}],"curies":[{"name":"wp","href":"https:\/\/api.w.org\/{rel}","templated":true}]}}