{"id":20381,"date":"2024-05-30T09:50:37","date_gmt":"2024-05-30T14:50:37","guid":{"rendered":"https:\/\/www.perucontable.com\/noticias\/?p=20381"},"modified":"2024-05-30T10:00:36","modified_gmt":"2024-05-30T15:00:36","slug":"este-7-de-junio-sera-feriado","status":"publish","type":"post","link":"https:\/\/www.perucontable.com\/noticias\/este-7-de-junio-sera-feriado\/","title":{"rendered":"\u00bfEste 7 de junio ser\u00e1 feriado?"},"content":{"rendered":"\n<p>Se aprob\u00f3 el a\u00f1o pasado un nuevo feriado para conmemorar la batalla de Arica y el D\u00eda de la Bandera, el cual se celebrar\u00eda cada 7 de junio. Pero&#8230; \u00bfEn este a\u00f1o se celebrar\u00e1? Con\u00f3celo aqui.<\/p>\n\n\n<div class=\"wp-block-image\">\n<figure class=\"aligncenter size-full is-resized\"><img decoding=\"async\" loading=\"lazy\" src=\"https:\/\/www.perucontable.com\/noticias\/borrador\/borrador\/wp-content\/uploads\/2024\/05\/image-8.png\" alt=\"\" class=\"wp-image-22178\" width=\"533\" height=\"374\" \/><\/figure><\/div>\n\n\n<p><strong>Entonces, \u00bfla pr\u00f3xima semana tendremos un nuevo feriado? <\/strong><\/p>\n\n\n\n<p>La respuesta es si. Recordemos que el a\u00f1o pasado, se ha oficializado la ley que otorga feriado para este 7 de Junio por el d\u00eda de la bandera. <\/p>\n\n\n\n<p>Con esto, hasta ahora el \u00fanico feriado de junio es el que corresponde al D\u00eda de San Pedro y San Pablo, que se celebra el pr\u00f3ximo 29 de junio y aplica para los trabajadores del sector p\u00fablico y privado.<\/p>\n\n\n<div class=\"wp-block-image\">\n<figure class=\"aligncenter size-medium is-resized\"><a href=\"https:\/\/walink.co\/a892ec\"><img decoding=\"async\" loading=\"lazy\" src=\"https:\/\/www.perucontable.com\/noticias\/borrador\/borrador\/wp-content\/uploads\/2024\/05\/image-9-300x300.png\" alt=\"\" class=\"wp-image-22183\" width=\"345\" height=\"345\" srcset=\"https:\/\/www.perucontable.com\/noticias\/wp-content\/uploads\/2024\/05\/image-9-300x300.png 300w, https:\/\/www.perucontable.com\/noticias\/wp-content\/uploads\/2024\/05\/image-9-1024x1024.png 1024w, https:\/\/www.perucontable.com\/noticias\/wp-content\/uploads\/2024\/05\/image-9-150x150.png 150w, https:\/\/www.perucontable.com\/noticias\/wp-content\/uploads\/2024\/05\/image-9-768x768.png 768w, https:\/\/www.perucontable.com\/noticias\/wp-content\/uploads\/2024\/05\/image-9-1536x1536.png 1536w, https:\/\/www.perucontable.com\/noticias\/wp-content\/uploads\/2024\/05\/image-9-696x696.png 696w, https:\/\/www.perucontable.com\/noticias\/wp-content\/uploads\/2024\/05\/image-9-1068x1068.png 1068w, https:\/\/www.perucontable.com\/noticias\/wp-content\/uploads\/2024\/05\/image-9-1920x1920.png 1920w, https:\/\/www.perucontable.com\/noticias\/wp-content\/uploads\/2024\/05\/image-9-420x420.png 420w, https:\/\/www.perucontable.com\/noticias\/wp-content\/uploads\/2024\/05\/image-9.png 2000w\" sizes=\"(max-width: 345px) 100vw, 345px\" \/><\/a><\/figure><\/div>\n\n\n<div class=\"is-content-justification-center is-layout-flex wp-container-1 wp-block-buttons\">\n<div class=\"wp-block-button\"><a class=\"wp-block-button__link has-background wp-element-button\" style=\"background-color:#112936\">\u00a1Se parte de Perucontable Premium y accede a esta s\u00faper promo!<\/a><\/div>\n<\/div>\n\n\n\n<hr class=\"wp-block-separator has-alpha-channel-opacity is-style-dots\" \/>\n\n\n\n<h2><strong>\u00bfCu\u00e1les son los feriados del 2024?<\/strong><\/h2>\n\n\n\n<p>El \u00faltimo feriado que disfrutaron los peruanos fue el 1 de mayo por el D\u00eda del Trabajo, el \u00fanico pendiente de este mes. De aqu\u00ed se tendr\u00e1 que esperar a fines de junio para disfrutar de un descanso.<\/p>\n\n\n\n<p><strong>Estos son todos los d\u00edas feriados establecidos para este 2024 de acuerdo a ley:<\/strong><\/p>\n\n\n\n<p><strong>Junio:<\/strong><\/p>\n\n\n\n<ul>\n<li>Viernes 7 de junio: Batalla de Arica y D\u00eda de la Bandera<\/li>\n\n\n\n<li>S\u00e1bado 29 de junio: San Pedro y San Pablo<\/li>\n<\/ul>\n\n\n\n<p><strong>Julio:<\/strong><\/p>\n\n\n\n<ul>\n<li>Martes 23 de julio: D\u00eda de la Fuerza A\u00e9rea del Per.<\/li>\n\n\n\n<li>Domingo 28 de julio: Fiestas Patrias<\/li>\n\n\n\n<li>Lunes 29 de julio: Fiestas Patrias<\/li>\n<\/ul>\n\n\n\n<p><strong>Agosto:<\/strong><\/p>\n\n\n\n<ul>\n<li>Martes 6 de agosto: Batalla de Jun\u00edn<\/li>\n\n\n\n<li>Viernes 30 de agosto: Santa Rosa de Lima<\/li>\n<\/ul>\n\n\n\n<p><strong>Setiembre:<\/strong><\/p>\n\n\n\n<ul>\n<li>No hay feriados en setiembre del 2024<\/li>\n<\/ul>\n\n\n\n<p><strong>Octubre:<\/strong><\/p>\n\n\n\n<ul>\n<li>Martes 8 de octubre: Combate de Angamos<\/li>\n<\/ul>\n\n\n\n<p><strong>Noviembre:<\/strong><\/p>\n\n\n\n<ul>\n<li>Viernes 1\u00b0 de noviembre: D\u00eda de todos los Santos<\/li>\n<\/ul>\n\n\n\n<p><strong>Diciembre:<\/strong><\/p>\n\n\n\n<ul>\n<li>Domingo 8 de diciembre: Inmaculada Concepci\u00f3n<\/li>\n\n\n\n<li>Lunes 9 de diciembre: Batalla de Ayacucho<\/li>\n\n\n\n<li>Mi\u00e9rcoles 25 de diciembre: Navidad<\/li>\n<\/ul>\n\n\n\n<hr class=\"wp-block-separator has-alpha-channel-opacity is-style-dots\" \/>\n\n\n\n<p><strong>Te recomendamos:<\/strong><\/p>\n\n\n\n<ul>\n<li><strong><a href=\"https:\/\/walink.co\/a892ec\" target=\"_blank\" rel=\"noreferrer noopener\">Ser parte de PeruContable Premium y obtener m\u00faltiples beneficios<\/a><\/strong><\/li>\n\n\n\n<li><strong><a href=\"https:\/\/walink.co\/c4491a\" target=\"_blank\" rel=\"noreferrer noopener\">Especializaci\u00f3n en asistente contable<\/a><\/strong><\/li>\n<\/ul>\n\n\n\n<hr class=\"wp-block-separator has-alpha-channel-opacity is-style-dots\" \/>\n\n\n\n<p><strong>Observa este video para mayor informaci\u00f3n sobre los dias feriados: <\/strong><\/p>\n\n\n\n<figure class=\"wp-block-embed is-type-video is-provider-youtube wp-block-embed-youtube wp-embed-aspect-16-9 wp-has-aspect-ratio\"><div class=\"wp-block-embed__wrapper\">\n<iframe loading=\"lazy\" title=\"\ud83d\udd34FERIADOS Y D\u00cdAS NO LABORABLES COMPENSABLES PARA EL SECTOR P\u00daBLICO 2024\" width=\"696\" height=\"392\" src=\"https:\/\/www.youtube.com\/embed\/yyYTQO4Vcx4?feature=oembed\" frameborder=\"0\" allow=\"accelerometer; autoplay; clipboard-write; encrypted-media; gyroscope; picture-in-picture; web-share\" referrerpolicy=\"strict-origin-when-cross-origin\" allowfullscreen><\/iframe>\n<\/div><\/figure>\n\n\n\n<p>\u00bfTe gust\u00f3 este articulo? D\u00e9janos tus comentarios.<\/p>\n","protected":false},"excerpt":{"rendered":"<p>Se aprob\u00f3 el a\u00f1o pasado un nuevo feriado para conmemorar la batalla de Arica y el D\u00eda de la Bandera, el cual se celebrar\u00eda cada 7 de junio. Pero&#8230; \u00bfEn este a\u00f1o se celebrar\u00e1? Con\u00f3celo aqui. Entonces, \u00bfla pr\u00f3xima semana tendremos un nuevo feriado? La respuesta es si. Recordemos que el a\u00f1o pasado, se ha [&hellip;]<\/p>\n","protected":false},"author":2,"featured_media":20383,"comment_status":"closed","ping_status":"open","sticky":false,"template":"","format":"standard","meta":[],"categories":[23,9],"tags":[],"yst_prominent_words":[2644,3909,3908,3173,3174,1667],"amp_enabled":true,"_links":{"self":[{"href":"https:\/\/www.perucontable.com\/noticias\/wp-json\/wp\/v2\/posts\/20381"}],"collection":[{"href":"https:\/\/www.perucontable.com\/noticias\/wp-json\/wp\/v2\/posts"}],"about":[{"href":"https:\/\/www.perucontable.com\/noticias\/wp-json\/wp\/v2\/types\/post"}],"author":[{"embeddable":true,"href":"https:\/\/www.perucontable.com\/noticias\/wp-json\/wp\/v2\/users\/2"}],"replies":[{"embeddable":true,"href":"https:\/\/www.perucontable.com\/noticias\/wp-json\/wp\/v2\/comments?post=20381"}],"version-history":[{"count":5,"href":"https:\/\/www.perucontable.com\/noticias\/wp-json\/wp\/v2\/posts\/20381\/revisions"}],"predecessor-version":[{"id":22186,"href":"https:\/\/www.perucontable.com\/noticias\/wp-json\/wp\/v2\/posts\/20381\/revisions\/22186"}],"wp:featuredmedia":[{"embeddable":true,"href":"https:\/\/www.perucontable.com\/noticias\/wp-json\/wp\/v2\/media\/20383"}],"wp:attachment":[{"href":"https:\/\/www.perucontable.com\/noticias\/wp-json\/wp\/v2\/media?parent=20381"}],"wp:term":[{"taxonomy":"category","embeddable":true,"href":"https:\/\/www.perucontable.com\/noticias\/wp-json\/wp\/v2\/categories?post=20381"},{"taxonomy":"post_tag","embeddable":true,"href":"https:\/\/www.perucontable.com\/noticias\/wp-json\/wp\/v2\/tags?post=20381"},{"taxonomy":"yst_prominent_words","embeddable":true,"href":"https:\/\/www.perucontable.com\/noticias\/wp-json\/wp\/v2\/yst_prominent_words?post=20381"}],"curies":[{"name":"wp","href":"https:\/\/api.w.org\/{rel}","templated":true}]}}