{"id":1963,"date":"2015-08-11T18:04:26","date_gmt":"2015-08-11T23:04:26","guid":{"rendered":"http:\/\/www.perucontable.com\/noticias\/?p=1963"},"modified":"2015-08-11T18:04:26","modified_gmt":"2015-08-11T23:04:26","slug":"bancos-proponen-bajar-igv-compras-tarjetas-credito-debito","status":"publish","type":"post","link":"https:\/\/www.perucontable.com\/noticias\/bancos-proponen-bajar-igv-compras-tarjetas-credito-debito\/","title":{"rendered":"Bancos proponen bajar IGV a las compras con tarjetas de cr\u00e9dito y d\u00e9bito"},"content":{"rendered":"<p><a href=\"http:\/\/www.perucontable.com\/noticias\/wp-content\/uploads\/2015\/08\/banco.png\"><img decoding=\"async\" loading=\"lazy\" class=\"aligncenter size-full wp-image-1964\" src=\"http:\/\/www.perucontable.com\/noticias\/wp-content\/uploads\/2015\/08\/banco.png\" alt=\"banco\" width=\"599\" height=\"320\" \/><\/a><\/p>\n<p>Con el objetivo de formalizar a la econom\u00eda, la iniciativa de\u00a0Asbanc busca reducir en dos puntos porcentuales el <span class=\"caps\">IGV<\/span> en las compras de cualquier producto o servicio.<\/p>\n<p>La Asociaci\u00f3n de Bancos del Per\u00fa (Asbanc) inform\u00f3 que se plantear\u00e1 la reducci\u00f3n de dos puntos porcentuales del <span class=\"caps\">IGV\u00a0<\/span>en los pagos de cualquier compra de producto o servicio que se realice con las tarjetas de cr\u00e9dito y d\u00e9bito, con el objetivo de formalizar a la econom\u00eda.<\/p>\n<p>El gerente general de Asbanc, Adri\u00e1n Revilla, refiri\u00f3 que la propuesta se trabaja a nivel de la Comisi\u00f3n Nacional de Inclusi\u00f3n Financiera, y busca replicar experiencias de otros pa\u00edses como Uruguay y Argentina.<\/p>\n<p>\u201dEl objetivo es formalizar la econom\u00eda. En la medida que todas las operaciones est\u00e9n registradas en el sistema, hay una mayor formalizaci\u00f3n de la econom\u00eda. Se sabe qui\u00e9n est\u00e1 comprando y pagando. Esto ha dado buenos resultados en los pa\u00edses que se ha aplicado\u201d, refiri\u00f3 el ejecutivo.<\/p>\n<p>Se\u00f1al\u00f3 que en los otros pa\u00edses, tras aplicar esta medida las compras realizadas con estas tarjetas se elevaron entre 10% a 20% al a\u00f1o.<\/p>\n<p>La propuesta se eval\u00faa en la Comisi\u00f3n Nacional de Inclusi\u00f3n Financiera, que integran entidades del sector p\u00fablico y privado. Aun no se tiene prevista la fecha en que la propuesta se oficialice, indic\u00f3 Revilla.<\/p>\n<p>Fuente: Diario Gestion.<\/p>\n<p>Visita nuestros cursos virtuales:<br \/>\nBeneficios Sociales <a href=\"http:\/\/bit.ly\/1FjlvNh\" target=\"_blank\">\u00bb http:\/\/bit.ly\/1FjlvNh<\/a><\/p>\n<p>Microsoft Office PowerPoint 2013 <a href=\"http:\/\/bit.ly\/1JlOszY\" target=\"_blank\">\u00bb http:\/\/bit.ly\/1JlOszY<\/a><\/p>\n","protected":false},"excerpt":{"rendered":"<p>Con el objetivo de formalizar a la econom\u00eda, la iniciativa de\u00a0Asbanc busca reducir en dos puntos porcentuales el IGV en las compras de cualquier producto o servicio. La Asociaci\u00f3n de Bancos del Per\u00fa (Asbanc) inform\u00f3 que se plantear\u00e1 la reducci\u00f3n de dos puntos porcentuales del IGV\u00a0en los pagos de cualquier compra de producto o servicio [&hellip;]<\/p>\n","protected":false},"author":3,"featured_media":1964,"comment_status":"open","ping_status":"open","sticky":false,"template":"","format":"standard","meta":[],"categories":[33],"tags":[75,71,26,163],"yst_prominent_words":[],"amp_enabled":true,"_links":{"self":[{"href":"https:\/\/www.perucontable.com\/noticias\/wp-json\/wp\/v2\/posts\/1963"}],"collection":[{"href":"https:\/\/www.perucontable.com\/noticias\/wp-json\/wp\/v2\/posts"}],"about":[{"href":"https:\/\/www.perucontable.com\/noticias\/wp-json\/wp\/v2\/types\/post"}],"author":[{"embeddable":true,"href":"https:\/\/www.perucontable.com\/noticias\/wp-json\/wp\/v2\/users\/3"}],"replies":[{"embeddable":true,"href":"https:\/\/www.perucontable.com\/noticias\/wp-json\/wp\/v2\/comments?post=1963"}],"version-history":[{"count":0,"href":"https:\/\/www.perucontable.com\/noticias\/wp-json\/wp\/v2\/posts\/1963\/revisions"}],"wp:featuredmedia":[{"embeddable":true,"href":"https:\/\/www.perucontable.com\/noticias\/wp-json\/"}],"wp:attachment":[{"href":"https:\/\/www.perucontable.com\/noticias\/wp-json\/wp\/v2\/media?parent=1963"}],"wp:term":[{"taxonomy":"category","embeddable":true,"href":"https:\/\/www.perucontable.com\/noticias\/wp-json\/wp\/v2\/categories?post=1963"},{"taxonomy":"post_tag","embeddable":true,"href":"https:\/\/www.perucontable.com\/noticias\/wp-json\/wp\/v2\/tags?post=1963"},{"taxonomy":"yst_prominent_words","embeddable":true,"href":"https:\/\/www.perucontable.com\/noticias\/wp-json\/wp\/v2\/yst_prominent_words?post=1963"}],"curies":[{"name":"wp","href":"https:\/\/api.w.org\/{rel}","templated":true}]}}