{"id":18752,"date":"2022-08-02T10:53:17","date_gmt":"2022-08-02T15:53:17","guid":{"rendered":"https:\/\/www.perucontable.com\/noticias\/?p=18752"},"modified":"2022-08-02T10:53:19","modified_gmt":"2022-08-02T15:53:19","slug":"bono-alimentario-sera-de-s-270-y-se-pagara-por-unica-vez-2","status":"publish","type":"post","link":"https:\/\/www.perucontable.com\/noticias\/bono-alimentario-sera-de-s-270-y-se-pagara-por-unica-vez-2\/","title":{"rendered":"Bono alimentario ser\u00e1 de S\/270 y se pagar\u00e1 por \u00fanica vez"},"content":{"rendered":"\n<p>A\u00fan no se ha fijado una fecha de inicio para el pago de los subsidios, pero se ha dado hasta 30 d\u00edas a la Fiscal\u00eda para publicar el reglamento operativo. En tanto, los usuarios de Juntos, Pensi\u00f3n 65 y Contigo recibir\u00e1n una subvenci\u00f3n adicional.<\/p>\n\n\n\n<figure class=\"wp-block-image size-full\"><img decoding=\"async\" loading=\"lazy\" width=\"696\" height=\"364\" src=\"https:\/\/www.perucontable.com\/noticias\/borrador\/borrador\/wp-content\/uploads\/2022\/08\/publicidad-web-Noticias-1.jpg\" alt=\"\" class=\"wp-image-18757\" srcset=\"https:\/\/www.perucontable.com\/noticias\/wp-content\/uploads\/2022\/08\/publicidad-web-Noticias-1.jpg 696w, https:\/\/www.perucontable.com\/noticias\/wp-content\/uploads\/2022\/08\/publicidad-web-Noticias-1-300x157.jpg 300w\" sizes=\"(max-width: 696px) 100vw, 696px\" \/><\/figure>\n\n\n\n<p>Durante el fin de semana, el poder ejecutivo aprob\u00f3 una ley que autoriza pr\u00e9stamos adicionales para financiar los costos relacionados con la emergencia de salud p\u00fablica causada por la COVID-19.<\/p>\n\n\n\n<p>Por lo tanto, el gobierno est\u00e1 ampliando su presupuesto para implementar nuevas medidas, incluida la distribuci\u00f3n de un nuevo bono alimentario destinado a mitigar el impacto de los aumentos de precios en las canastas esenciales de las familias.<\/p>\n\n\n\n<p>Por ello, de acuerdo con la ley publicada, el subsidio econ\u00f3mico individual es de S\/270, un pago \u00fanico a los ciudadanos en situaci\u00f3n de vulnerabilidad, seg\u00fan el Registro Nacional para medidas COVID-19 en el marco de la emergencia sanitaria.<\/p>\n\n\n\n<p>Asimismo, se establece que en un plazo m\u00e1ximo de 30 d\u00edas calendarios se deber\u00e1 emitir un decreto supremo aprobando las disposiciones reglamentarias que establezcan los criterios de elegibilidad de los beneficiarios del subsidio, as\u00ed como procedimiento de aprobaci\u00f3n de los padrones, entre otros aspectos.<\/p>\n\n\n\n<p>Los bonos de alimentaci\u00f3n se pagan a trav\u00e9s del Banco de la Naci\u00f3n y otras instituciones financieras privadas y empresas de dinero electr\u00f3nico.<\/p>\n\n\n\n<p>Para el otorgamiento de este subsidio,\u00a0se dispondr\u00e1 de S\/1.698 millones.<\/p>\n\n\n\n<p><strong>Programas sociales<\/strong><\/p>\n\n\n\n<p>Para los beneficiarios de los programas sociales, el Ministerio de Desarrollo e Inclusi\u00f3n Social (MIDIS) otorg\u00f3 subsidios provisionales adicionales.<\/p>\n\n\n\n<p>As\u00ed, se detalla que las personas pobres o pobres extremos, usuarios del Programa Nacional de Apoyo Directo a los M\u00e1s Pobres (Juntos), recibir\u00e1n una subvenci\u00f3n extraordinaria de S\/200. Por otro lado, para aquellos que pertenecen al Programa Nacional de Asistencia Solidaria (Pensi\u00f3n 65) y del Programa Nacional de Entrega de la Pensi\u00f3n no Contributiva a Personas con Discapacidad Severa en Situaci\u00f3n de Pobreza (Contigo), se les otorgar\u00e1 S\/250 y S\/300. respectivamente.<\/p>\n\n\n\n<p>Para recibir la subvenci\u00f3n extraordinaria, los beneficiarios deben haber recibido una subvenci\u00f3n de sus respectivos programas sociales antes de junio de este a\u00f1o. Adem\u00e1s, se precisa que la distribuci\u00f3n se har\u00e1 efectiva con el anuncio de la decisi\u00f3n de gesti\u00f3n de cada programa. El costo fiscal para esta subvenci\u00f3n adicional es cerca de S\/302 millones.<\/p>\n\n\n\n<p>Es importante mencionar que m\u00e1s de 6 millones de personas reciben apoyo econ\u00f3mico del estado, de los cuales 1,5 millones son usuarios de programas sociales y 4,5 millones corresponden al resto de ciudadanos en situaci\u00f3n de vulnerabilidad.<\/p>\n\n\n\n<p><strong>Plazos de entrega<\/strong><\/p>\n\n\n\n<p>Silvana Vargas, docente de la PUCP y exministra de Desarrollo e Inclusi\u00f3n Social, se\u00f1al\u00f3 que si existe compromiso por parte de las autoridades, la entrega del bono podr\u00eda comenzar en dos semanas con los programas sociales y en dos meses con aquellos sectores que menos accesibles de llegar, como los que no tienen una cuenta bancaria.<\/p>\n\n\n\n<p><strong>Un bono no debe ser la \u00fanica medida<\/strong><\/p>\n\n\n\n<p>La extitular del Midis se\u00f1al\u00f3 que se deben tomar medidas adicionales al pago del bono ante el aumento de los precios de los alimentos.<\/p>\n\n\n\n<p>\u201cNecesitamos explorar todas las v\u00edas necesarias para acercar a los peque\u00f1os productores con los consumidores, ollas comunes, comedores populares, m\u00e1s que un bono de alimentaci\u00f3n, se tiene que transmitir la idea de que hay una pol\u00edtica de Estado que atiende temas de agricultura y alimentaci\u00f3n\u201d, dijo Silvana Vargas.<\/p>\n\n\n\n<p>\u00bfTe pareci\u00f3 \u00fatil este art\u00edculo? Leemos tus comentarios<\/p>\n\n\n\n<hr class=\"wp-block-separator has-alpha-channel-opacity\" \/>\n\n\n\n<p>\ud83e\uddd1\u200d\ud83c\udfaf\ud83d\udccd<strong>DIPLOMADOS DE ESPECIALIZACI\u00d3N<\/strong>: Visita nuestra p\u00e1gina web \ud83d\udc47<br>\ud83c\udf10\u00a0 <a href=\"https:\/\/www.aulacontable.com\/diplomados\/\">https:\/\/www.aulacontable.com\/diplomados\/<\/a><br>\u261d\ufe0f\u270d\ufe0f\ud83d\udcdaNo pierda m\u00e1s tiempo y estudia con docentes con experiencia\u00a0 en el rubro contable..<br>Solicita mayor informaci\u00f3n al WhatsApp \ud83d\udcde982700612 \u25c0\ufe0f <a href=\"https:\/\/acortar.link\/t4Fzs\"><strong>https:\/\/acortar.link\/t4Fzs<\/strong><\/a>\u25c0\ufe0f<br><strong>\u2611 \ufe0f Diplomados Sector P\u00fablico.<\/strong><br>\u2709 Consulte los descuentos y promociones al correo \u00bb <a href=\"mailto:diplomados@aulacontable.com\">diplomados@aulacontable.com<br><\/a>\ud83d\udc49S\u00ecguenos en nuestro fanpage \ud83c\udf10 <a href=\"https:\/\/business.facebook.com\/Aulacontable\/?__tn__=K-R&amp;eid=ARA49nuaimlL4u0dCbP5lu00ReZ8Lj9JunhNKN8WFHJzRc2cuD7mA4sY7cKLrckvYZJU0E0evBe91KOB&amp;fref=mentions&amp;__xts__%5B0%5D=68.ARDBs2nISinT8vZhoOFrW292YPdAfb1_JSQ1g0YqquAvE9XrIBJl4tNJw6wCkr3qxpaoadcogRnkOSLY7C9CIfvX7zRJkRMC0KGtLePGPLxZInZo_ixKKy-ruH4pbiHE568tpbs-9QLFSOV1-Jhjx0ZNiSNYEDeKIcxkN2ORS815wwu4rHRnc8FINsrpEBlFDZyYKwPHGDVwmfR8RZJ0-JrJ-Hcx_X3AdrIycDskM2ZxiTRhoGY_mb2-FVcpIE-jVOUlT-r0wQpZoQbRxbMnYzWNRKRtHCp-DR5BJbryoFIoDJoDBaMisFIngu9V_BmygWxqLyh4e4Ve6ScvZd5jY88R_g\">https:\/\/www.facebook.com\/Aulacontable\/<\/a><\/p>\n","protected":false},"excerpt":{"rendered":"<p>A\u00fan no se ha fijado una fecha de inicio para el pago de los subsidios, pero se ha dado hasta 30 d\u00edas a la Fiscal\u00eda para publicar el reglamento operativo. En tanto, los usuarios de Juntos, Pensi\u00f3n 65 y Contigo recibir\u00e1n una subvenci\u00f3n adicional. Durante el fin de semana, el poder ejecutivo aprob\u00f3 una ley [&hellip;]<\/p>\n","protected":false},"author":2,"featured_media":18756,"comment_status":"closed","ping_status":"open","sticky":false,"template":"","format":"standard","meta":[],"categories":[12],"tags":[],"yst_prominent_words":[1771,3144,3143,3145,1962,1538,2516,3168,4208],"amp_enabled":true,"_links":{"self":[{"href":"https:\/\/www.perucontable.com\/noticias\/wp-json\/wp\/v2\/posts\/18752"}],"collection":[{"href":"https:\/\/www.perucontable.com\/noticias\/wp-json\/wp\/v2\/posts"}],"about":[{"href":"https:\/\/www.perucontable.com\/noticias\/wp-json\/wp\/v2\/types\/post"}],"author":[{"embeddable":true,"href":"https:\/\/www.perucontable.com\/noticias\/wp-json\/wp\/v2\/users\/2"}],"replies":[{"embeddable":true,"href":"https:\/\/www.perucontable.com\/noticias\/wp-json\/wp\/v2\/comments?post=18752"}],"version-history":[{"count":1,"href":"https:\/\/www.perucontable.com\/noticias\/wp-json\/wp\/v2\/posts\/18752\/revisions"}],"predecessor-version":[{"id":18758,"href":"https:\/\/www.perucontable.com\/noticias\/wp-json\/wp\/v2\/posts\/18752\/revisions\/18758"}],"wp:featuredmedia":[{"embeddable":true,"href":"https:\/\/www.perucontable.com\/noticias\/wp-json\/wp\/v2\/media\/18756"}],"wp:attachment":[{"href":"https:\/\/www.perucontable.com\/noticias\/wp-json\/wp\/v2\/media?parent=18752"}],"wp:term":[{"taxonomy":"category","embeddable":true,"href":"https:\/\/www.perucontable.com\/noticias\/wp-json\/wp\/v2\/categories?post=18752"},{"taxonomy":"post_tag","embeddable":true,"href":"https:\/\/www.perucontable.com\/noticias\/wp-json\/wp\/v2\/tags?post=18752"},{"taxonomy":"yst_prominent_words","embeddable":true,"href":"https:\/\/www.perucontable.com\/noticias\/wp-json\/wp\/v2\/yst_prominent_words?post=18752"}],"curies":[{"name":"wp","href":"https:\/\/api.w.org\/{rel}","templated":true}]}}