{"id":1874,"date":"2015-07-22T16:47:19","date_gmt":"2015-07-22T21:47:19","guid":{"rendered":"http:\/\/www.perucontable.com\/noticias\/?p=1874"},"modified":"2015-07-22T16:47:19","modified_gmt":"2015-07-22T21:47:19","slug":"este-ano-no-habra-feriado-largo-por-fiestas-patrias","status":"publish","type":"post","link":"https:\/\/www.perucontable.com\/noticias\/este-ano-no-habra-feriado-largo-por-fiestas-patrias\/","title":{"rendered":"Este a\u00f1o no habr\u00e1 feriado largo por Fiestas Patrias"},"content":{"rendered":"<p><a href=\"http:\/\/www.perucontable.com\/noticias\/wp-content\/uploads\/2015\/07\/feriado.png\"><img decoding=\"async\" loading=\"lazy\" class=\"aligncenter size-full wp-image-1876\" src=\"http:\/\/www.perucontable.com\/noticias\/wp-content\/uploads\/2015\/07\/feriado.png\" alt=\"feriado\" width=\"599\" height=\"311\" \/><\/a><\/p>\n<p>Este a\u00f1o no habr\u00e1 feriado largo por las Fiestas Patrias, debido a que el pa\u00eds no est\u00e1 en momento de \u00abparar\u00bb, porque se afectar\u00eda la econom\u00eda de las personas, indic\u00f3 hoy el titular del Ministerio de Trabajo del Trabajo y Promoci\u00f3n del Empleo (MTPE), Daniel Maurate.<\/p>\n<div>\u201cNo va a ser feriado largo este 27 de julio. Hicimos la evaluaci\u00f3n correspondiente y de todos los sectores se ha establecido que en realidad el Per\u00fa, en estos momentos, no puede parar\u201d, se\u00f1al\u00f3 a la\u00a0agencia Andina<strong>.\u00a0<\/strong><\/div>\n<div><\/div>\n<div>Sostuvo que la experiencia indica que cuando se decreta un feriado largo, \u201cm\u00e1s es lo que se que se pierde que lo que se gana econ\u00f3micamente\u201d.<\/div>\n<div><\/div>\n<div>\u201cTodos esos aspectos se han tomado en cuenta a fin de decidir por lo menos, por esta vez, que el 27 no ser\u00e1 feriado y adem\u00e1s ser\u00e1 un compromiso para todos los peruanos de aportar con nuestro trabajo por las Fiestas Patrias\u201d, dijo.<\/div>\n<h2><strong>Festival<\/strong><\/h2>\n<div>El ministro efectu\u00f3 estas declaraciones tras participar en la presentaci\u00f3n del Festival Binacional Per\u00fa-Brasil, a realizarse el 8 de agosto, con la finalidad de sensibilizar a la poblaci\u00f3n de la regi\u00f3n Loreto sobre la problem\u00e1tica del trabajo infantil y promover su erradicaci\u00f3n.<\/div>\n<div><\/div>\n<div>Dijo que este evento forma parte de una estrategia de trabajo conjunto entre ambos pa\u00edses y se da en el marco de los compromisos asumidos durante una reuni\u00f3n con su hom\u00f3logo de Brasil, Manoel Dias, realizada en la 104 Conferencia Internacional del Trabajo de la Organizaci\u00f3n Internacional de Trabajo (OIT) en Ginebra.<\/div>\n<div><\/div>\n<div>Se\u00f1al\u00f3 que Brasil es un pa\u00eds que ha progresado en t\u00e9rminos de legislaci\u00f3n y ha tenido avances significativos en su marco normativo en la lucha contra el trabajo infantil.<\/div>\n<div><\/div>\n<div>Asimismo, inform\u00f3 que durante el festival, Per\u00fa y Brasil firmar\u00e1n un Memorando de Entendimiento para luchar contra el trabajo infantil en Loreto y Madre de Dios, y a su vez, Brasil tomar\u00e1 acciones contra esta problem\u00e1tica en sus zonas de frontera con nuestro pa\u00eds.<\/div>\n<h2><strong>RMV<\/strong><\/h2>\n<div>De otro lado, explic\u00f3 que el debate sobre un posible aumento de la Remuneraci\u00f3n M\u00ednima Vital (RMV) se agot\u00f3 \u201cen discrepancia\u201d y no hubo ning\u00fan acuerdo en las sesiones realizadas en el marco del Consejo Nacional del Trabajo (CNT).<\/div>\n<div><\/div>\n<div>\u201cNo hubo acuerdo, los trabajadores cre\u00edan pertinente un incremento en 14 por ciento, es decir de 105 soles y los empleadores han se\u00f1alado que no es el momento para un incremento de la RMV, por lo que en consecuencia no hubo acercamiento y no se evolucion\u00f3 en el debate. No hubo acuerdo\u201d, a\u00f1adi\u00f3.<\/div>\n<div>Fuente: Diario Andina.<\/div>\n<p>Visita nuestros cursos virtuales:<\/p>\n<p>Beneficios Sociales <a href=\"http:\/\/bit.ly\/1FjlvNh\" target=\"_blank\">\u00bb http:\/\/bit.ly\/1FjlvNh<\/a><\/p>\n<p>Microsoft Office Access 2013 <a href=\"http:\/\/bit.ly\/1JlOw2A\" target=\"_blank\">\u00bb http:\/\/bit.ly\/1JlOw2A<\/a><\/p>\n","protected":false},"excerpt":{"rendered":"<p>Este a\u00f1o no habr\u00e1 feriado largo por las Fiestas Patrias, debido a que el pa\u00eds no est\u00e1 en momento de \u00abparar\u00bb, porque se afectar\u00eda la econom\u00eda de las personas, indic\u00f3 hoy el titular del Ministerio de Trabajo del Trabajo y Promoci\u00f3n del Empleo (MTPE), Daniel Maurate. \u201cNo va a ser feriado largo este 27 de [&hellip;]<\/p>\n","protected":false},"author":3,"featured_media":1876,"comment_status":"open","ping_status":"open","sticky":false,"template":"","format":"standard","meta":[],"categories":[9],"tags":[787,237],"yst_prominent_words":[],"amp_enabled":true,"_links":{"self":[{"href":"https:\/\/www.perucontable.com\/noticias\/wp-json\/wp\/v2\/posts\/1874"}],"collection":[{"href":"https:\/\/www.perucontable.com\/noticias\/wp-json\/wp\/v2\/posts"}],"about":[{"href":"https:\/\/www.perucontable.com\/noticias\/wp-json\/wp\/v2\/types\/post"}],"author":[{"embeddable":true,"href":"https:\/\/www.perucontable.com\/noticias\/wp-json\/wp\/v2\/users\/3"}],"replies":[{"embeddable":true,"href":"https:\/\/www.perucontable.com\/noticias\/wp-json\/wp\/v2\/comments?post=1874"}],"version-history":[{"count":0,"href":"https:\/\/www.perucontable.com\/noticias\/wp-json\/wp\/v2\/posts\/1874\/revisions"}],"wp:featuredmedia":[{"embeddable":true,"href":"https:\/\/www.perucontable.com\/noticias\/wp-json\/"}],"wp:attachment":[{"href":"https:\/\/www.perucontable.com\/noticias\/wp-json\/wp\/v2\/media?parent=1874"}],"wp:term":[{"taxonomy":"category","embeddable":true,"href":"https:\/\/www.perucontable.com\/noticias\/wp-json\/wp\/v2\/categories?post=1874"},{"taxonomy":"post_tag","embeddable":true,"href":"https:\/\/www.perucontable.com\/noticias\/wp-json\/wp\/v2\/tags?post=1874"},{"taxonomy":"yst_prominent_words","embeddable":true,"href":"https:\/\/www.perucontable.com\/noticias\/wp-json\/wp\/v2\/yst_prominent_words?post=1874"}],"curies":[{"name":"wp","href":"https:\/\/api.w.org\/{rel}","templated":true}]}}