{"id":18755,"date":"2021-07-05T11:53:25","date_gmt":"2021-07-05T16:53:25","guid":{"rendered":"https:\/\/www.perucontable.com\/laboral\/?p=18755"},"modified":"2021-07-05T11:53:27","modified_gmt":"2021-07-05T16:53:27","slug":"requisitos-del-regimen-de-pension-de-jubilacion-adelantada-para-personas-con-discapacidad","status":"publish","type":"post","link":"https:\/\/www.perucontable.com\/laboral\/requisitos-del-regimen-de-pension-de-jubilacion-adelantada-para-personas-con-discapacidad\/","title":{"rendered":"Requisitos del R\u00e9gimen de Pensi\u00f3n de Jubilaci\u00f3n Adelantada para Personas con Discapacidad"},"content":{"rendered":"\n<p>El R\u00e9gimen de Pensi\u00f3n de Jubilaci\u00f3n Adelantada para Personas con Discapacidad sigue el modelo actual del r\u00e9gimen general de pensi\u00f3n de jubilaci\u00f3n, de conformidad con el art\u00edculo 65 del Reglamento de la Ley N.\u00b0 29973, Ley General de la Persona con Discapacidad, aprobado por Decreto Supremo N.\u00b0 002-2014-MIMP.<\/p>\n\n\n\n<p>Este r\u00e9gimen se aplica a las\/os afiliadas\/ os con discapacidad, debidamente inscritas en el Registro Nacional de la Persona con Discapacidad, bajo las siguientes reglas:<\/p>\n\n\n\n<p>a) Para acreditar la condici\u00f3n de persona con discapacidad, es necesario que presenten el certificado de discapacidad establecido en el art\u00edculo 76 de la Ley N.\u00b0 29973, Ley General de la Persona con Discapacidad.<\/p>\n\n\n\n<p>b) La ONP, en control posterior, en coordinaci\u00f3n con el Consejo Nacional para la Integraci\u00f3n de la Persona con Discapacidad (Conadis), comprueba de oficio peri\u00f3dicamente la veracidad de la informaci\u00f3n contenida en el certificado de discapacidad.<\/p>\n\n\n\n<p><strong>Requisitos espec\u00edficos del R\u00e9gimen de Pensi\u00f3n de Jubilaci\u00f3n Adelantada para Personas con Discapacidad<\/strong><\/p>\n\n\n\n<p>Los requisitos espec\u00edficos del R\u00e9gimen de Pensi\u00f3n de Jubilaci\u00f3n Adelantada para Personas con Discapacidad son los siguientes:<\/p>\n\n\n\n<p>a) Requisito de edad. Las\/os afiliadas\/ os tienen que acreditar haber cumplido cincuenta y cinco (55) a\u00f1os de edad.<\/p>\n\n\n\n<p>b) Requisito de aportes. Las\/os afiliadas\/os tienen que acreditar un periodo de un m\u00ednimo de doscientos cuarenta (240) unidades de aportes.<\/p>\n\n\n\n<p><strong>Determinaci\u00f3n de pensi\u00f3n del R\u00e9gimen de Pensi\u00f3n de Jubilaci\u00f3n Adelantada para Personas con Discapacidad<\/strong> <\/p>\n\n\n\n<p>Las\/os afiliadas\/os reciben una pensi\u00f3n igual a la que hubieran recibido en el modelo actual del r\u00e9gimen general de pensi\u00f3n de jubilaci\u00f3n, sin ning\u00fan tipo de descuento por el adelanto de la edad de jubilaci\u00f3n.<\/p>\n\n\n\n<p><strong>Art\u00edculo que te recomendamos leer:<\/strong><\/p>\n\n\n\n<p><a href=\"https:\/\/web.facebook.com\/Perucontable\/posts\/4285373314841815?__cft__[0]=AZXtmJOvYXASNi5RkHbbIERcbAKZ1aI7d6X9poP_ekINidP4jv3KE_y5UjT6iyp8W894JAdAL6LVAUKdgF-nxwn5jNDC3kN2P2Ka0CnzXHk4lXNQuLIgksU_YqjMRIRXBt-eRmMHVz9sKybnFldZEu0OikgFekHpUzyfHBkqaYLPJXmg2KEjPLBIR3evjJMAnXo&amp;__tn__=%2CO%2CP-R\">Requisitos espec\u00edficos de la pensi\u00f3n de viudez<\/a><\/p>\n\n\n\n<p>\u00bfQu\u00e9 te pareci\u00f3 nuestro blog? Com\u00e9ntanos.<\/p>\n\n\n\n<hr class=\"wp-block-separator\"\/>\n\n\n\n<p>\ud83e\uddd1\u200d\ud83c\udfaf\ud83d\udccd<strong>DIPLOMADOS DE ESPECIALIZACI\u00d3N<\/strong>: Visita nuestra p\u00e1gina web \ud83d\udc47<br>\ud83c\udf10\u00a0 <a href=\"https:\/\/www.aulacontable.com\/diplomados\/\">https:\/\/www.aulacontable.com\/diplomados\/<\/a><br>\u261d\ufe0f\u270d\ufe0f\ud83d\udcdaNo pierda m\u00e1s tiempo y estudia con docentes con experiencia\u00a0 en el rubro contable..<br>Solicita mayor informaci\u00f3n al WhatsApp \ud83d\udcde982700612 \u25c0\ufe0f<a href=\"https:\/\/acortar.link\/MiNGY\"><strong>https:\/\/acortar.link\/MiNGY<\/strong><\/a>\u00a0 \u25c0\ufe0f<br><strong>\u2611 \ufe0f Diplomados Sector Privado.<\/strong><br>\u2709 Consulte los descuentos y promociones al correo \u00bb <a href=\"mailto:diplomados@aulacontable.com\">diplomados@aulacontable.com<br><\/a>\ud83d\udc49S\u00ecguenos en nuestro fanpage \ud83c\udf10 <a href=\"https:\/\/business.facebook.com\/Aulacontable\/?__tn__=K-R&amp;eid=ARA49nuaimlL4u0dCbP5lu00ReZ8Lj9JunhNKN8WFHJzRc2cuD7mA4sY7cKLrckvYZJU0E0evBe91KOB&amp;fref=mentions&amp;__xts__%5B0%5D=68.ARDBs2nISinT8vZhoOFrW292YPdAfb1_JSQ1g0YqquAvE9XrIBJl4tNJw6wCkr3qxpaoadcogRnkOSLY7C9CIfvX7zRJkRMC0KGtLePGPLxZInZo_ixKKy-ruH4pbiHE568tpbs-9QLFSOV1-Jhjx0ZNiSNYEDeKIcxkN2ORS815wwu4rHRnc8FINsrpEBlFDZyYKwPHGDVwmfR8RZJ0-JrJ-Hcx_X3AdrIycDskM2ZxiTRhoGY_mb2-FVcpIE-jVOUlT-r0wQpZoQbRxbMnYzWNRKRtHCp-DR5BJbryoFIoDJoDBaMisFIngu9V_BmygWxqLyh4e4Ve6ScvZd5jY88R_g\">https:\/\/www.facebook.com\/Aulacontable\/<\/a><\/p>\n","protected":false},"excerpt":{"rendered":"<p>El R\u00e9gimen de Pensi\u00f3n de Jubilaci\u00f3n Adelantada para Personas con Discapacidad sigue el modelo actual del r\u00e9gimen general de pensi\u00f3n de jubilaci\u00f3n, de conformidad con el art\u00edculo 65 del Reglamento de la Ley N.\u00b0 29973, Ley General de la Persona con Discapacidad, aprobado por Decreto Supremo N.\u00b0 002-2014-MIMP. Este r\u00e9gimen se aplica a las\/os afiliadas\/ [&hellip;]<\/p>\n","protected":false},"author":10,"featured_media":18756,"comment_status":"closed","ping_status":"open","sticky":false,"template":"","format":"standard","meta":[],"categories":[3],"tags":[],"yst_prominent_words":[2973,146],"amp_enabled":true,"_links":{"self":[{"href":"https:\/\/www.perucontable.com\/laboral\/wp-json\/wp\/v2\/posts\/18755"}],"collection":[{"href":"https:\/\/www.perucontable.com\/laboral\/wp-json\/wp\/v2\/posts"}],"about":[{"href":"https:\/\/www.perucontable.com\/laboral\/wp-json\/wp\/v2\/types\/post"}],"author":[{"embeddable":true,"href":"https:\/\/www.perucontable.com\/laboral\/wp-json\/wp\/v2\/users\/10"}],"replies":[{"embeddable":true,"href":"https:\/\/www.perucontable.com\/laboral\/wp-json\/wp\/v2\/comments?post=18755"}],"version-history":[{"count":1,"href":"https:\/\/www.perucontable.com\/laboral\/wp-json\/wp\/v2\/posts\/18755\/revisions"}],"predecessor-version":[{"id":18757,"href":"https:\/\/www.perucontable.com\/laboral\/wp-json\/wp\/v2\/posts\/18755\/revisions\/18757"}],"wp:featuredmedia":[{"embeddable":true,"href":"https:\/\/www.perucontable.com\/laboral\/wp-json\/wp\/v2\/media\/18756"}],"wp:attachment":[{"href":"https:\/\/www.perucontable.com\/laboral\/wp-json\/wp\/v2\/media?parent=18755"}],"wp:term":[{"taxonomy":"category","embeddable":true,"href":"https:\/\/www.perucontable.com\/laboral\/wp-json\/wp\/v2\/categories?post=18755"},{"taxonomy":"post_tag","embeddable":true,"href":"https:\/\/www.perucontable.com\/laboral\/wp-json\/wp\/v2\/tags?post=18755"},{"taxonomy":"yst_prominent_words","embeddable":true,"href":"https:\/\/www.perucontable.com\/laboral\/wp-json\/wp\/v2\/yst_prominent_words?post=18755"}],"curies":[{"name":"wp","href":"https:\/\/api.w.org\/{rel}","templated":true}]}}